{"id":857,"date":"2026-04-27T16:32:55","date_gmt":"2026-04-27T14:32:55","guid":{"rendered":"https:\/\/egresados.une.edu.pe\/index.php\/2026\/04\/27\/promotor-educativo-de-inicial\/"},"modified":"2026-04-27T16:32:55","modified_gmt":"2026-04-27T14:32:55","slug":"promotor-educativo-de-inicial","status":"publish","type":"post","link":"https:\/\/egresados.une.edu.pe\/index.php\/2026\/04\/27\/promotor-educativo-de-inicial\/","title":{"rendered":"PROMOTOR EDUCATIVO DE INICIAL"},"content":{"rendered":"<p>\ud83d\udcccN\u00famero de vacantes: 1<br \/>\n\ud83d\udcccFormaci\u00f3n Acad\u00e9mica: Grado de bachiller y\/o estudios universitarios en psicolog\u00eda, educaci\u00f3n inicial y\/o estudios t\u00e9cnicos en educaci\u00f3n inicial.<br \/>\n\ud83d\udcccExperiencia:<br \/>\nExperiencia m\u00ednima de 1 a\u00f1o en el sector p\u00fablico y\/o privado<br \/>\nExperiencia m\u00ednima de 6 meses en el sector p\u00fablico y\/o privado, preferentemente en atenci\u00f3n de ni\u00f1os de 0 a 6 a\u00f1os.<br \/>\n\ud83d\udcccCursos y\/o programas de especializaci\u00f3n:<br \/>\nContar con cursos y\/o programas de especializaci\u00f3n y\/o diplomados en oratoria y\/o pedagog\u00eda.<br \/>\n\ud83d\udcccLugar de prestaci\u00f3n del servicio: Gerencia de Desarrollo Urbano y Rural &#8211; Divisi\u00f3n de Saneamiento F\u00edsico Legal<br \/>\n\ud83d\udcccRemuneraci\u00f3n: S\/ 1,600 Soles<\/p>\n<ul class=\"wpuf_customs\">            <li class=\"wpuf-field-data wpuf-field-data-text_field\">\n                                    <label>Empresa:<\/label>\n                                MUNICIPALIDAD DE CUSCO            <\/li>\n                    <li class=\"wpuf-field-data wpuf-field-data-text_field\">\n                                    <label>Puesto Laboral:<\/label>\n                                PROMOTOR EDUCATIVO DE INICIAL            <\/li>\n                    <li class=\"wpuf-field-data wpuf-field-data-text_field\">\n                                    <label>Fecha L\u00edmite:<\/label>\n                                04 DE MAYO DEL 2026            <\/li>\n                    <li class=\"wpuf-field-data wpuf-field-data-website_url\">\n                                    <label>Postula Aqu\u00ed:<\/label>\n                                <a href=\"https:\/\/www.convocatoriasdetrabajo.com\/oportunidad-laboral-cas-005-promotor-educativo-inicial-municipalidad-cusco-594830.html\"\n                     > https:\/\/www.convocatoriasdetrabajo.com\/oportunidad-laboral-cas-005-promotor-educativo-inicial-municipalidad-cusco-594830.html <\/a>\n            <\/li>\n        <\/ul>","protected":false},"excerpt":{"rendered":"<p>\ud83d\udcccN\u00famero de vacantes: 1 \ud83d\udcccFormaci\u00f3n Acad\u00e9mica: Grado de bachiller y\/o estudios universitarios en psicolog\u00eda, educaci\u00f3n inicial y\/o estudios t\u00e9cnicos en [&hellip;]<\/p>\n","protected":false},"author":1,"featured_media":856,"comment_status":"open","ping_status":"open","sticky":false,"template":"","format":"standard","meta":{"site-sidebar-layout":"default","site-content-layout":"","ast-site-content-layout":"default","site-content-style":"default","site-sidebar-style":"default","ast-global-header-display":"","ast-banner-title-visibility":"","ast-main-header-display":"","ast-hfb-above-header-display":"","ast-hfb-below-header-display":"","ast-hfb-mobile-header-display":"","site-post-title":"","ast-breadcrumbs-content":"","ast-featured-img":"","footer-sml-layout":"","ast-disable-related-posts":"","theme-transparent-header-meta":"","adv-header-id-meta":"","stick-header-meta":"","header-above-stick-meta":"","header-main-stick-meta":"","header-below-stick-meta":"","astra-migrate-meta-layouts":"default","ast-page-background-enabled":"default","ast-page-background-meta":{"desktop":{"background-color":"var(--ast-global-color-5)","background-image":"","background-repeat":"repeat","background-position":"center center","background-size":"auto","background-attachment":"scroll","background-type":"","background-media":"","overlay-type":"","overlay-color":"","overlay-opacity":"","overlay-gradient":""},"tablet":{"background-color":"","background-image":"","background-repeat":"repeat","background-position":"center center","background-size":"auto","background-attachment":"scroll","background-type":"","background-media":"","overlay-type":"","overlay-color":"","overlay-opacity":"","overlay-gradient":""},"mobile":{"background-color":"","background-image":"","background-repeat":"repeat","background-position":"center center","background-size":"auto","background-attachment":"scroll","background-type":"","background-media":"","overlay-type":"","overlay-color":"","overlay-opacity":"","overlay-gradient":""}},"ast-content-background-meta":{"desktop":{"background-color":"var(--ast-global-color-4)","background-image":"","background-repeat":"repeat","background-position":"center center","background-size":"auto","background-attachment":"scroll","background-type":"","background-media":"","overlay-type":"","overlay-color":"","overlay-opacity":"","overlay-gradient":""},"tablet":{"background-color":"var(--ast-global-color-4)","background-image":"","background-repeat":"repeat","background-position":"center center","background-size":"auto","background-attachment":"scroll","background-type":"","background-media":"","overlay-type":"","overlay-color":"","overlay-opacity":"","overlay-gradient":""},"mobile":{"background-color":"var(--ast-global-color-4)","background-image":"","background-repeat":"repeat","background-position":"center center","background-size":"auto","background-attachment":"scroll","background-type":"","background-media":"","overlay-type":"","overlay-color":"","overlay-opacity":"","overlay-gradient":""}},"footnotes":""},"categories":[5],"tags":[],"class_list":["post-857","post","type-post","status-publish","format-standard","has-post-thumbnail","hentry","category-fei"],"_links":{"self":[{"href":"https:\/\/egresados.une.edu.pe\/index.php\/wp-json\/wp\/v2\/posts\/857","targetHints":{"allow":["GET"]}}],"collection":[{"href":"https:\/\/egresados.une.edu.pe\/index.php\/wp-json\/wp\/v2\/posts"}],"about":[{"href":"https:\/\/egresados.une.edu.pe\/index.php\/wp-json\/wp\/v2\/types\/post"}],"author":[{"embeddable":true,"href":"https:\/\/egresados.une.edu.pe\/index.php\/wp-json\/wp\/v2\/users\/1"}],"replies":[{"embeddable":true,"href":"https:\/\/egresados.une.edu.pe\/index.php\/wp-json\/wp\/v2\/comments?post=857"}],"version-history":[{"count":1,"href":"https:\/\/egresados.une.edu.pe\/index.php\/wp-json\/wp\/v2\/posts\/857\/revisions"}],"predecessor-version":[{"id":858,"href":"https:\/\/egresados.une.edu.pe\/index.php\/wp-json\/wp\/v2\/posts\/857\/revisions\/858"}],"wp:featuredmedia":[{"embeddable":true,"href":"https:\/\/egresados.une.edu.pe\/index.php\/wp-json\/wp\/v2\/media\/856"}],"wp:attachment":[{"href":"https:\/\/egresados.une.edu.pe\/index.php\/wp-json\/wp\/v2\/media?parent=857"}],"wp:term":[{"taxonomy":"category","embeddable":true,"href":"https:\/\/egresados.une.edu.pe\/index.php\/wp-json\/wp\/v2\/categories?post=857"},{"taxonomy":"post_tag","embeddable":true,"href":"https:\/\/egresados.une.edu.pe\/index.php\/wp-json\/wp\/v2\/tags?post=857"}],"curies":[{"name":"wp","href":"https:\/\/api.w.org\/{rel}","templated":true}]}}