{"id":886,"date":"2026-04-27T18:35:07","date_gmt":"2026-04-27T16:35:07","guid":{"rendered":"https:\/\/egresados.une.edu.pe\/index.php\/2026\/04\/27\/jefe-del-area-administrativa-de-almacen-central\/"},"modified":"2026-04-27T18:35:07","modified_gmt":"2026-04-27T16:35:07","slug":"jefe-del-area-administrativa-de-almacen-central","status":"publish","type":"post","link":"https:\/\/egresados.une.edu.pe\/index.php\/2026\/04\/27\/jefe-del-area-administrativa-de-almacen-central\/","title":{"rendered":"JEFE DEL AREA ADMINISTRATIVA DE ALMACEN CENTRAL"},"content":{"rendered":"<p>\ud83d\udcccN\u00famero de vacantes: 1<br \/>\n\ud83d\udcccFormaci\u00f3n Acad\u00e9mica: Bachiller Universitario o T\u00e9cnico completa Administraci\u00f3n, Contabilidad, Historia, Gesti\u00f3n Publica, Antropolog\u00eda, Educaci\u00f3n o a fines a la formaci\u00f3n<br \/>\n\ud83d\udcccExperiencia:<br \/>\nGeneral: 02 A\u00d1OS<br \/>\n\ud83d\udcccEspec\u00edfica:<br \/>\nExperiencia requerida para el puesto en la funci\u00f3n o la materia en el sector publico: 01 A\u00d1O Nivel m\u00ednimo de puesto que se requiere como experiencia: Jefe de Area o Departamento<br \/>\n\ud83d\udcccCursos y\/o programas de especializaci\u00f3n:<br \/>\nGesti\u00f3n Publica Kardex e inventarios de almac\u00e9n<br \/>\n\ud83d\udcccLugar de prestaci\u00f3n del Servicio: Municipalidad Distrital de Quehue<br \/>\n\ud83d\udcccRemuneraci\u00f3n: S\/ 2,200 Soles<\/p>\n<ul class=\"wpuf_customs\">            <li class=\"wpuf-field-data wpuf-field-data-text_field\">\n                                    <label>Empresa:<\/label>\n                                MUNICIPALIDAD DE QUEHUE            <\/li>\n                    <li class=\"wpuf-field-data wpuf-field-data-text_field\">\n                                    <label>Puesto Laboral:<\/label>\n                                JEFE DEL AREA ADMINISTRATIVA DE ALMACEN CENTAL            <\/li>\n                    <li class=\"wpuf-field-data wpuf-field-data-text_field\">\n                                    <label>Fecha L\u00edmite:<\/label>\n                                05 DE MAYO DEL 2026            <\/li>\n                    <li class=\"wpuf-field-data wpuf-field-data-website_url\">\n                                    <label>Postula Aqu\u00ed:<\/label>\n                                <a href=\"https:\/\/www.convocatoriasdetrabajo.com\/oportunidad-laboral-cas-003-jefe-del-area-administrativa-almacen-central-municipalidad-quehue-cusco-595476.html\"\n                     > https:\/\/www.convocatoriasdetrabajo.com\/oportunidad-laboral-cas-003-jefe-del-area-administrativa-almacen-central-municipalidad-quehue-cusco-595476.html <\/a>\n            <\/li>\n        <\/ul>","protected":false},"excerpt":{"rendered":"<p>\ud83d\udcccN\u00famero de vacantes: 1 \ud83d\udcccFormaci\u00f3n Acad\u00e9mica: Bachiller Universitario o T\u00e9cnico completa Administraci\u00f3n, Contabilidad, Historia, Gesti\u00f3n Publica, Antropolog\u00eda, Educaci\u00f3n o a [&hellip;]<\/p>\n","protected":false},"author":1,"featured_media":885,"comment_status":"open","ping_status":"open","sticky":false,"template":"","format":"standard","meta":{"site-sidebar-layout":"default","site-content-layout":"","ast-site-content-layout":"default","site-content-style":"default","site-sidebar-style":"default","ast-global-header-display":"","ast-banner-title-visibility":"","ast-main-header-display":"","ast-hfb-above-header-display":"","ast-hfb-below-header-display":"","ast-hfb-mobile-header-display":"","site-post-title":"","ast-breadcrumbs-content":"","ast-featured-img":"","footer-sml-layout":"","ast-disable-related-posts":"","theme-transparent-header-meta":"","adv-header-id-meta":"","stick-header-meta":"","header-above-stick-meta":"","header-main-stick-meta":"","header-below-stick-meta":"","astra-migrate-meta-layouts":"default","ast-page-background-enabled":"default","ast-page-background-meta":{"desktop":{"background-color":"var(--ast-global-color-5)","background-image":"","background-repeat":"repeat","background-position":"center center","background-size":"auto","background-attachment":"scroll","background-type":"","background-media":"","overlay-type":"","overlay-color":"","overlay-opacity":"","overlay-gradient":""},"tablet":{"background-color":"","background-image":"","background-repeat":"repeat","background-position":"center center","background-size":"auto","background-attachment":"scroll","background-type":"","background-media":"","overlay-type":"","overlay-color":"","overlay-opacity":"","overlay-gradient":""},"mobile":{"background-color":"","background-image":"","background-repeat":"repeat","background-position":"center center","background-size":"auto","background-attachment":"scroll","background-type":"","background-media":"","overlay-type":"","overlay-color":"","overlay-opacity":"","overlay-gradient":""}},"ast-content-background-meta":{"desktop":{"background-color":"var(--ast-global-color-4)","background-image":"","background-repeat":"repeat","background-position":"center center","background-size":"auto","background-attachment":"scroll","background-type":"","background-media":"","overlay-type":"","overlay-color":"","overlay-opacity":"","overlay-gradient":""},"tablet":{"background-color":"var(--ast-global-color-4)","background-image":"","background-repeat":"repeat","background-position":"center center","background-size":"auto","background-attachment":"scroll","background-type":"","background-media":"","overlay-type":"","overlay-color":"","overlay-opacity":"","overlay-gradient":""},"mobile":{"background-color":"var(--ast-global-color-4)","background-image":"","background-repeat":"repeat","background-position":"center center","background-size":"auto","background-attachment":"scroll","background-type":"","background-media":"","overlay-type":"","overlay-color":"","overlay-opacity":"","overlay-gradient":""}},"footnotes":""},"categories":[7],"tags":[],"class_list":["post-886","post","type-post","status-publish","format-standard","has-post-thumbnail","hentry","category-fcsyh"],"_links":{"self":[{"href":"https:\/\/egresados.une.edu.pe\/index.php\/wp-json\/wp\/v2\/posts\/886","targetHints":{"allow":["GET"]}}],"collection":[{"href":"https:\/\/egresados.une.edu.pe\/index.php\/wp-json\/wp\/v2\/posts"}],"about":[{"href":"https:\/\/egresados.une.edu.pe\/index.php\/wp-json\/wp\/v2\/types\/post"}],"author":[{"embeddable":true,"href":"https:\/\/egresados.une.edu.pe\/index.php\/wp-json\/wp\/v2\/users\/1"}],"replies":[{"embeddable":true,"href":"https:\/\/egresados.une.edu.pe\/index.php\/wp-json\/wp\/v2\/comments?post=886"}],"version-history":[{"count":1,"href":"https:\/\/egresados.une.edu.pe\/index.php\/wp-json\/wp\/v2\/posts\/886\/revisions"}],"predecessor-version":[{"id":887,"href":"https:\/\/egresados.une.edu.pe\/index.php\/wp-json\/wp\/v2\/posts\/886\/revisions\/887"}],"wp:featuredmedia":[{"embeddable":true,"href":"https:\/\/egresados.une.edu.pe\/index.php\/wp-json\/wp\/v2\/media\/885"}],"wp:attachment":[{"href":"https:\/\/egresados.une.edu.pe\/index.php\/wp-json\/wp\/v2\/media?parent=886"}],"wp:term":[{"taxonomy":"category","embeddable":true,"href":"https:\/\/egresados.une.edu.pe\/index.php\/wp-json\/wp\/v2\/categories?post=886"},{"taxonomy":"post_tag","embeddable":true,"href":"https:\/\/egresados.une.edu.pe\/index.php\/wp-json\/wp\/v2\/tags?post=886"}],"curies":[{"name":"wp","href":"https:\/\/api.w.org\/{rel}","templated":true}]}}